{"id":4834,"date":"2024-06-28T15:05:52","date_gmt":"2024-06-28T15:05:52","guid":{"rendered":"https:\/\/icapval.com\/sas\/?p=4834"},"modified":"2025-05-29T19:32:04","modified_gmt":"2025-05-29T19:32:04","slug":"lenguaje-y-el-desafio-comunicativo","status":"publish","type":"post","link":"https:\/\/icapval.com\/sas\/lenguaje-y-el-desafio-comunicativo\/","title":{"rendered":"Lenguaje y el desaf\u00edo de ense\u00f1ar a estudiantes con dificultades comunicativas"},"content":{"rendered":"\n<figure class=\"wp-block-image size-large\"><img fetchpriority=\"high\" decoding=\"async\" width=\"1024\" height=\"580\" src=\"https:\/\/icapval.com\/sas\/wp-content\/uploads\/2024\/06\/Diseno-sin-titulo-5-1-1024x580.jpg\" alt=\"Lenguaje\" class=\"wp-image-4835\" srcset=\"https:\/\/icapval.com\/sas\/wp-content\/uploads\/2024\/06\/Diseno-sin-titulo-5-1-1024x580.jpg 1024w, https:\/\/icapval.com\/sas\/wp-content\/uploads\/2024\/06\/Diseno-sin-titulo-5-1-300x170.jpg 300w, https:\/\/icapval.com\/sas\/wp-content\/uploads\/2024\/06\/Diseno-sin-titulo-5-1-768x435.jpg 768w, https:\/\/icapval.com\/sas\/wp-content\/uploads\/2024\/06\/Diseno-sin-titulo-5-1.jpg 1200w\" sizes=\"(max-width: 1024px) 100vw, 1024px\" \/><\/figure>\n\n\n\n<h2 class=\"wp-block-heading\">Entrar al fascinante mundo del <a href=\"https:\/\/icapval.com\/sas\/maestria-educacion-inclusiva-necesidades-educativa\/\" data-type=\"link\" data-id=\"https:\/\/icapval.com\/sas\/maestria-educacion-inclusiva-necesidades-educativa\/\">trastorno del lenguaje<\/a> es sumergirse en un laberinto de conexiones complejas que van m\u00e1s all\u00e1 de las palabras que pronunciamos. Desde las sutilezas de la comunicaci\u00f3n no verbal hasta los intrincados circuitos neuronales que subyacen a cada conversaci\u00f3n, exploraremos c\u00f3mo este trastorno impacta no solo en la expresi\u00f3n ling\u00fc\u00edstica, sino tambi\u00e9n en la comprensi\u00f3n del mundo que nos rodea.<\/h2>\n\n\n\n<p>En el complejo entramado de la educaci\u00f3n inclusiva, <a href=\"https:\/\/icapval.com\/sas\/el-papel-del-maestro-en-la-educacion-inclusiva\/\" data-type=\"post\" data-id=\"3916\">el papel del maestro<\/a> se convierte en un faro crucial para navegar a trav\u00e9s de los desaf\u00edos del trastorno del lenguaje. M\u00e1s all\u00e1 de ense\u00f1ar materias, el maestro se convierte en un gu\u00eda emp\u00e1tico que comprende las sutilezas del lenguaje y su impacto en el aprendizaje. <\/p>\n\n\n\n<p>Al desenredar el laberinto del trastorno del lenguaje, exploramos c\u00f3mo estos educadores no solo ense\u00f1an, sino que tambi\u00e9n adaptan m\u00e9todos para abrazar la diversidad ling\u00fc\u00edstica y cognitiva en el aula. <\/p>\n\n\n\n<p><strong>\u00bfC\u00f3mo se articula el pensamiento cuando las palabras se resisten a fluir como deber\u00edan?<\/strong><\/p>\n\n\n\n<p>Este misterioso fen\u00f3meno no solo desaf\u00eda la capacidad de comunicaci\u00f3n de quienes lo padecen, sino que tambi\u00e9n plantea interrogantes profundos sobre la naturaleza misma del aprendizaje humano.<\/p>\n\n\n\n<p>Desde los primeros a\u00f1os de vida, la adquisici\u00f3n del lenguaje es un hito significativo. Sin embargo, para algunos ni\u00f1os, este camino puede estar lleno de obst\u00e1culos inexplicables.<\/p>\n\n\n\n<p>Cuando los ni\u00f1os experimentan dificultades para que las palabras fluyan como deber\u00edan, su proceso de pensamiento puede verse notablemente afectado. En lugar de una expresi\u00f3n fluida, es posible que experimenten frustraci\u00f3n y ansiedad al intentar comunicar sus ideas. <\/p>\n\n\n\n<p>Esto puede llevar a una mayor reflexi\u00f3n interna mientras buscan formas alternativas de expresi\u00f3n. El pensamiento puede tornarse m\u00e1s pausado y detallado, ya que los ni\u00f1os intentan seleccionar las palabras adecuadas para transmitir sus pensamientos de manera precisa. Esta dificultad puede influir en la estructuraci\u00f3n de las ideas, haciendo que el proceso de pensamiento sea m\u00e1s fragmentado o menos fluido de lo esperado para su edad.<\/p>\n\n\n\n<p><strong>\u00bfQu\u00e9 sucede cuando las estructuras ling\u00fc\u00edsticas parecen eludir su entendimiento? <\/strong><\/p>\n\n\n\n<p>Las<strong> <\/strong>respuestas a estas preguntas no solo implican un desaf\u00edo acad\u00e9mico, sino una llamada a la acci\u00f3n para educadores y profesionales de la salud que se enfrentan a diario a estos enigmas.<\/p>\n\n\n\n<h3 class=\"wp-block-heading\">Cuando las estructuras ling\u00fc\u00edsticas parecen eludir el entendimiento de un ni\u00f1o, se enfrenta a dificultades para comprender y aplicar reglas gramaticales y sint\u00e1cticas, lo cual puede afectar su habilidad para formar frases coherentes y expresar ideas de manera clara. Esto puede limitar su capacidad para procesar y entender textos escritos y discursos hablados, as\u00ed como para participar activamente en conversaciones y actividades que requieren un uso avanzado del lenguaje. <\/h3>\n\n\n\n<p><strong>\u00bfC\u00f3mo podemos ajustar nuestros m\u00e9todos de ense\u00f1anza para incluir y apoyar de manera efectiva a los estudiantes con estas dificultades?<\/strong> <\/p>\n\n\n\n<p>La respuesta yace en la capacitaci\u00f3n continua, en la sensibilidad hacia las necesidades individuales y en la <a href=\"https:\/\/www.anep.edu.uy\/sites\/default\/files\/images\/Archivos\/publicaciones\/transformacion-curricular-integral\/Innovaci%C3%B3n%20pedag%C3%B3gica%20en%20el%20marco%20de%20la%20TCIv.pdf\" rel=\"nofollow noopener\" target=\"_blank\">innovaci\u00f3n pedag\u00f3gica<\/a> que pueda desenredar los nudos del lenguaje para cada ni\u00f1o.<\/p>\n\n\n\n<p>Es crucial reconocer que no existe una soluci\u00f3n \u00fanica para abordar el trastorno del lenguaje. Cada caso es \u00fanico, cada ni\u00f1o tiene su propio ritmo y sus propias barreras que superar. Esto nos obliga a adoptar un enfoque hol\u00edstico y personalizado, donde la colaboraci\u00f3n entre educadores, terapeutas del habla, psic\u00f3logos y padres se convierte en la clave para desbloquear el potencial de cada estudiante. Este desaf\u00edo no es solo un llamado a la acci\u00f3n, sino una invitaci\u00f3n a explorar las fronteras del conocimiento humano y a enriquecer nuestras pr\u00e1cticas educativas con una mirada m\u00e1s profunda hacia aquellos que luchan por expresarse.<\/p>\n\n\n\n<p>Para abordar efectivamente el trastorno del lenguaje, es fundamental implementar estrategias que no solo mitiguen las dificultades ling\u00fc\u00edsticas, sino que tambi\u00e9n promuevan un desarrollo integral del ni\u00f1o. La intervenci\u00f3n temprana juega un papel relevante; identificar y diagnosticar el trastorno lo antes posible permite iniciar terapias espec\u00edficas adaptadas a las necesidades individuales de cada estudiante. Adem\u00e1s, fomentar un entorno de aprendizaje inclusivo y comprensivo es esencial.\u00a0<\/p>\n\n\n\n<p>Esto implica capacitar a los educadores para que puedan adaptar sus m\u00e9todos de ense\u00f1anza, utilizar recursos visuales y auditivos complementarios, y proporcionar apoyo emocional y social para fortalecer la autoestima y la confianza del ni\u00f1o en sus habilidades comunicativas. Asimismo, establecer una colaboraci\u00f3n estrecha entre padres, educadores y profesionales de la salud especializados permite un enfoque integrado y cohesivo que maximiza el progreso del estudiante. Estas estrategias no solo abren puertas para una mejor comprensi\u00f3n del trastorno del lenguaje, sino que tambi\u00e9n cultivan un ambiente de apoyo y empoderamiento donde cada ni\u00f1o pueda prosperar plenamente. El trastorno del lenguaje no debe ser solo un enigma por resolver, sino una oportunidad para redefinir nuestra comprensi\u00f3n del aprendizaje y la comunicaci\u00f3n.<\/p>\n\n\n\n<p><\/p>\n","protected":false},"excerpt":{"rendered":"<p>Adentrarse en el fascinante mundo del trastorno del lenguaje es sumergirse en un laberinto de conexiones complejas que van m\u00e1s all\u00e1 de las palabras que pronunciamos. Desde las sutilezas de la comunicaci\u00f3n no verbal hasta los intrincados circuitos neuronales que subyacen a cada conversaci\u00f3n, exploraremos c\u00f3mo este trastorno impacta no solo en la expresi\u00f3n ling\u00fc\u00edstica, sino tambi\u00e9n en la comprensi\u00f3n del mundo que nos rodea. <\/p>\n","protected":false},"author":1,"featured_media":9450,"comment_status":"open","ping_status":"open","sticky":false,"template":"","format":"standard","meta":{"footnotes":""},"categories":[48],"tags":[77],"class_list":["post-4834","post","type-post","status-publish","format-standard","has-post-thumbnail","hentry","category-educacion","tag-inclusion"],"_links":{"self":[{"href":"https:\/\/icapval.com\/sas\/wp-json\/wp\/v2\/posts\/4834","targetHints":{"allow":["GET"]}}],"collection":[{"href":"https:\/\/icapval.com\/sas\/wp-json\/wp\/v2\/posts"}],"about":[{"href":"https:\/\/icapval.com\/sas\/wp-json\/wp\/v2\/types\/post"}],"author":[{"embeddable":true,"href":"https:\/\/icapval.com\/sas\/wp-json\/wp\/v2\/users\/1"}],"replies":[{"embeddable":true,"href":"https:\/\/icapval.com\/sas\/wp-json\/wp\/v2\/comments?post=4834"}],"version-history":[{"count":7,"href":"https:\/\/icapval.com\/sas\/wp-json\/wp\/v2\/posts\/4834\/revisions"}],"predecessor-version":[{"id":9907,"href":"https:\/\/icapval.com\/sas\/wp-json\/wp\/v2\/posts\/4834\/revisions\/9907"}],"wp:featuredmedia":[{"embeddable":true,"href":"https:\/\/icapval.com\/sas\/wp-json\/wp\/v2\/media\/9450"}],"wp:attachment":[{"href":"https:\/\/icapval.com\/sas\/wp-json\/wp\/v2\/media?parent=4834"}],"wp:term":[{"taxonomy":"category","embeddable":true,"href":"https:\/\/icapval.com\/sas\/wp-json\/wp\/v2\/categories?post=4834"},{"taxonomy":"post_tag","embeddable":true,"href":"https:\/\/icapval.com\/sas\/wp-json\/wp\/v2\/tags?post=4834"}],"curies":[{"name":"wp","href":"https:\/\/api.w.org\/{rel}","templated":true}]}}