{"id":5438,"date":"2024-08-07T20:06:16","date_gmt":"2024-08-07T20:06:16","guid":{"rendered":"https:\/\/icapval.com\/sas\/?p=5438"},"modified":"2024-09-17T19:38:50","modified_gmt":"2024-09-17T19:38:50","slug":"inteligencia-artificial-y-desafios-de-privacidad","status":"publish","type":"post","link":"https:\/\/icapval.com\/sas\/inteligencia-artificial-y-desafios-de-privacidad\/","title":{"rendered":"Inteligencia Artificial y los Desaf\u00edos de la Privacidad: 5 Claves Esenciales"},"content":{"rendered":"\n<figure class=\"wp-block-image size-large\"><img fetchpriority=\"high\" decoding=\"async\" width=\"1024\" height=\"580\" src=\"https:\/\/icapval.com\/sas\/wp-content\/uploads\/2024\/08\/Diseno-sin-titulo-10-1024x580.jpg\" alt=\"Inteligencia Artificial\" class=\"wp-image-5452\" srcset=\"https:\/\/icapval.com\/sas\/wp-content\/uploads\/2024\/08\/Diseno-sin-titulo-10-1024x580.jpg 1024w, https:\/\/icapval.com\/sas\/wp-content\/uploads\/2024\/08\/Diseno-sin-titulo-10-300x170.jpg 300w, https:\/\/icapval.com\/sas\/wp-content\/uploads\/2024\/08\/Diseno-sin-titulo-10-768x435.jpg 768w, https:\/\/icapval.com\/sas\/wp-content\/uploads\/2024\/08\/Diseno-sin-titulo-10.jpg 1200w\" sizes=\"(max-width: 1024px) 100vw, 1024px\" \/><\/figure>\n\n\n\n<h2 class=\"wp-block-heading\">En la era digital actual, la Inteligencia Artificial est\u00e1 cambiando la forma en que interactuamos con la tecnolog\u00eda, pero tambi\u00e9n plantea serias preguntas sobre la privacidad y el manejo de datos. Con cada avance en IA, surgen nuevas preocupaciones sobre c\u00f3mo se recopilan, almacenan y utilizan nuestros datos personales. A medida que las empresas introducen nuevas funcionalidades y actualizan sus pol\u00edticas de privacidad, es crucial comprender c\u00f3mo estos cambios afectan nuestra privacidad y qu\u00e9 medidas podemos tomar para protegerla. <\/h2>\n\n\n\n<h3 class=\"wp-block-heading\">1. <strong>La Complejidad de las Pol\u00edticas de Privacidad<\/strong><\/h3>\n\n\n\n<p><a href=\"https:\/\/icapval.com\/sas\/derecho-penal-contemporaneo-impacto-de-los-delitos-digitales\/\">Las pol\u00edticas de privacidad a menudo se convierten en un enigma para los usuarios, llenas de jerga legal y t\u00e9rminos t\u00e9cnicos. <\/a>Con la integraci\u00f3n de la Inteligencia Artificial, la necesidad de transparencia se vuelve a\u00fan m\u00e1s cr\u00edtica. La Inteligencia Artificial requiere grandes vol\u00famenes de datos para entrenar sus modelos y mejorar su rendimiento, lo que significa que los usuarios deben estar al tanto de c\u00f3mo se recopilan y utilizan sus datos. Sin embargo, muchas pol\u00edticas actuales no proporcionan suficiente claridad sobre estos aspectos, lo que puede llevar a malentendidos y preocupaciones leg\u00edtimas sobre la privacidad.<\/p>\n\n\n\n<h3 class=\"wp-block-heading\">2. <strong>El Caso de <a href=\"https:\/\/www.ocu.org\/tecnologia\/ordenadores-portatiles\/noticias\/windows-recall-seguridad#:~:text=Windows%20Recall%20es%20una%20funci%C3%B3n,y%20texto%2C%20usando%20lenguaje%20natural.\" rel=\"nofollow noopener\" target=\"_blank\">Windows Recall<\/a>: \u00bfUn Riesgo para la Privacidad?<\/strong><\/h3>\n\n\n\n<figure class=\"wp-block-image size-large\"><img decoding=\"async\" width=\"1024\" height=\"580\" src=\"https:\/\/icapval.com\/sas\/wp-content\/uploads\/2024\/08\/Diseno-sin-titulo-8-1024x580.jpg\" alt=\"Recall\" class=\"wp-image-5450\" srcset=\"https:\/\/icapval.com\/sas\/wp-content\/uploads\/2024\/08\/Diseno-sin-titulo-8-1024x580.jpg 1024w, https:\/\/icapval.com\/sas\/wp-content\/uploads\/2024\/08\/Diseno-sin-titulo-8-300x170.jpg 300w, https:\/\/icapval.com\/sas\/wp-content\/uploads\/2024\/08\/Diseno-sin-titulo-8-768x435.jpg 768w, https:\/\/icapval.com\/sas\/wp-content\/uploads\/2024\/08\/Diseno-sin-titulo-8.jpg 1200w\" sizes=\"(max-width: 1024px) 100vw, 1024px\" \/><\/figure>\n\n\n\n<p>Un ejemplo reciente que ilustra estas preocupaciones es la funci\u00f3n Windows Recall, incluida en el sistema operativo <strong>PC <a href=\"https:\/\/copilot.microsoft.com\/\" rel=\"nofollow noopener\" target=\"_blank\">Copilot<\/a>+. Recall <\/strong>tiene la capacidad de registrar una amplia gama de actividades del usuario, desde aplicaciones utilizadas hasta p\u00e1ginas web visitadas, y almacenar capturas de pantalla.<\/p>\n\n\n\n<p>Aunque Microsoft afirma que la informaci\u00f3n se guarda localmente y est\u00e1 cifrada, la preocupaci\u00f3n persiste debido a la posibilidad de accesos no autorizados. Un investigador de ciberseguridad revel\u00f3 que Recall almacenaba capturas de pantalla en una base de datos sin cifrar, lo que podr\u00eda permitir a los ciberdelincuentes extraer datos sensibles con facilidad.<\/p>\n\n\n\n<h3 class=\"wp-block-heading\">3. <strong><a href=\"https:\/\/www.lavanguardia.com\/andro4all\/aplicaciones\/un-cambio-en-las-politicas-de-adobe-enfurece-a-creadores-y-artistas-de-todo-el-mundo\" rel=\"nofollow noopener\" target=\"_blank\">La Actualizaci\u00f3n de Pol\u00edticas en Adobe<\/a>: Aclaraciones Necesarias<\/strong><\/h3>\n\n\n\n<figure class=\"wp-block-image size-large\"><img decoding=\"async\" width=\"1024\" height=\"580\" src=\"https:\/\/icapval.com\/sas\/wp-content\/uploads\/2024\/08\/Diseno-sin-titulo-9-1024x580.jpg\" alt=\"Adobe\" class=\"wp-image-5451\" srcset=\"https:\/\/icapval.com\/sas\/wp-content\/uploads\/2024\/08\/Diseno-sin-titulo-9-1024x580.jpg 1024w, https:\/\/icapval.com\/sas\/wp-content\/uploads\/2024\/08\/Diseno-sin-titulo-9-300x170.jpg 300w, https:\/\/icapval.com\/sas\/wp-content\/uploads\/2024\/08\/Diseno-sin-titulo-9-768x435.jpg 768w, https:\/\/icapval.com\/sas\/wp-content\/uploads\/2024\/08\/Diseno-sin-titulo-9.jpg 1200w\" sizes=\"(max-width: 1024px) 100vw, 1024px\" \/><\/figure>\n\n\n\n<p>En febrero de 2024, Adobe actualiz\u00f3 sus pol\u00edticas de uso, exigiendo a los usuarios aceptar nuevos t\u00e9rminos para continuar utilizando sus productos. Esta actualizaci\u00f3n gener\u00f3 una ola de preocupaci\u00f3n entre los usuarios, quienes tem\u00edan que sus datos pudieran ser utilizados sin su consentimiento. <\/p>\n\n\n\n<p>En respuesta, el director del producto Substance 3D de Adobe asegur\u00f3 que la empresa no acceder\u00eda ni leer\u00eda los proyectos de los usuarios y reafirm\u00f3 el cumplimiento con el Reglamento General de Protecci\u00f3n de Datos <a href=\"https:\/\/www.boe.es\/doue\/2016\/119\/L00001-00088.pdf\" rel=\"nofollow noopener\" target=\"_blank\">(RGPD) <\/a>del Parlamento Europeo. <\/p>\n\n\n\n<p>Esta aclaraci\u00f3n fue crucial para calmar las inquietudes y mantener la confianza en la plataforma.<\/p>\n\n\n\n<h3 class=\"wp-block-heading\">4. <strong>Desaf\u00edos de la Privacidad con la Inteligencia Artificial<\/strong><\/h3>\n\n\n\n<p>La integraci\u00f3n de la IA en nuestras vidas plantea desaf\u00edos significativos para la privacidad. Las tecnolog\u00edas avanzadas, como el cifrado robusto y las t\u00e9cnicas de anonimizaci\u00f3n, son esenciales para proteger los datos personales. Sin embargo, la implementaci\u00f3n de estas tecnolog\u00edas no siempre es perfecta. La vigilancia constante, la recopilaci\u00f3n de datos y la posibilidad de brechas de seguridad son preocupaciones reales que deben abordarse de manera efectiva.<\/p>\n\n\n\n<h3 class=\"wp-block-heading\">5. <strong>La Necesidad de Pol\u00edticas Claras y Comprensibles<\/strong><\/h3>\n\n\n\n<p>Para proteger la privacidad en un mundo cada vez m\u00e1s impulsado por la IA, es fundamental que las pol\u00edticas de privacidad sean claras y comprensibles. Las empresas deben asegurarse de que sus contratos y pol\u00edticas de uso expliquen de manera accesible c\u00f3mo se recopilan, almacenan y utilizan los datos. La falta de transparencia no solo puede generar desconfianza, sino que tambi\u00e9n puede poner en riesgo la privacidad de los usuarios. Los usuarios, por su parte, deben mantenerse informados y ser proactivos en la gesti\u00f3n de sus datos personales.<\/p>\n\n\n\n<p>En un entorno tecnol\u00f3gico en constante evoluci\u00f3n, la interacci\u00f3n entre la IA y la privacidad es un tema que requiere atenci\u00f3n constante. A medida que avanzamos hacia un futuro donde la tecnolog\u00eda y los datos est\u00e1n m\u00e1s interconectados que nunca, es crucial que tanto las empresas como los usuarios se comprometan a mantener la privacidad y la seguridad de los datos personales.<\/p>\n\n\n\n<p><\/p>\n","protected":false},"excerpt":{"rendered":"<p>En la era digital actual, la Inteligencia Artificial est\u00e1 cambiando la forma en que interactuamos con la tecnolog\u00eda, pero tambi\u00e9n plantea serias preguntas sobre la privacidad y el manejo de datos. Con cada avance en IA, surgen nuevas preocupaciones sobre c\u00f3mo se recopilan, almacenan y utilizan nuestros datos personales. A medida que las empresas introducen [&hellip;]<\/p>\n","protected":false},"author":1,"featured_media":5719,"comment_status":"open","ping_status":"open","sticky":false,"template":"","format":"standard","meta":{"footnotes":""},"categories":[86,68],"tags":[69],"class_list":["post-5438","post","type-post","status-publish","format-standard","has-post-thumbnail","hentry","category-actualidad","category-tecnologia","tag-inteligencia-artificial"],"_links":{"self":[{"href":"https:\/\/icapval.com\/sas\/wp-json\/wp\/v2\/posts\/5438","targetHints":{"allow":["GET"]}}],"collection":[{"href":"https:\/\/icapval.com\/sas\/wp-json\/wp\/v2\/posts"}],"about":[{"href":"https:\/\/icapval.com\/sas\/wp-json\/wp\/v2\/types\/post"}],"author":[{"embeddable":true,"href":"https:\/\/icapval.com\/sas\/wp-json\/wp\/v2\/users\/1"}],"replies":[{"embeddable":true,"href":"https:\/\/icapval.com\/sas\/wp-json\/wp\/v2\/comments?post=5438"}],"version-history":[{"count":3,"href":"https:\/\/icapval.com\/sas\/wp-json\/wp\/v2\/posts\/5438\/revisions"}],"predecessor-version":[{"id":9817,"href":"https:\/\/icapval.com\/sas\/wp-json\/wp\/v2\/posts\/5438\/revisions\/9817"}],"wp:featuredmedia":[{"embeddable":true,"href":"https:\/\/icapval.com\/sas\/wp-json\/wp\/v2\/media\/5719"}],"wp:attachment":[{"href":"https:\/\/icapval.com\/sas\/wp-json\/wp\/v2\/media?parent=5438"}],"wp:term":[{"taxonomy":"category","embeddable":true,"href":"https:\/\/icapval.com\/sas\/wp-json\/wp\/v2\/categories?post=5438"},{"taxonomy":"post_tag","embeddable":true,"href":"https:\/\/icapval.com\/sas\/wp-json\/wp\/v2\/tags?post=5438"}],"curies":[{"name":"wp","href":"https:\/\/api.w.org\/{rel}","templated":true}]}}